{"id":3773,"date":"2022-10-03T08:00:00","date_gmt":"2022-10-03T06:00:00","guid":{"rendered":"https:\/\/www.wine-law.org\/?p=3773"},"modified":"2022-09-30T13:05:24","modified_gmt":"2022-09-30T11:05:24","slug":"la-pac-prend-forme-et-la-commission-europeenne-approuve-le-plan-francais","status":"publish","type":"post","link":"https:\/\/www.wine-law.org\/index.php\/la-pac-prend-forme-et-la-commission-europeenne-approuve-le-plan-francais\/","title":{"rendered":"La PAC prend forme et la Commission europ\u00e9enne approuve le plan fran\u00e7ais"},"content":{"rendered":"<span class=\"rt-reading-time\" style=\"display: block;\"><span class=\"rt-label rt-prefix\">tdl<\/span> <span class=\"rt-time\">&lt;\u00a01<\/span> <span class=\"rt-label rt-postfix\">minute<\/span><\/span>\n<div class=\"wp-block-cover\"><span aria-hidden=\"true\" class=\"wp-block-cover__gradient-background has-background-dim\"><\/span><img loading=\"lazy\" width=\"676\" height=\"448\" class=\"wp-block-cover__image-background wp-image-2919\" alt=\"\" src=\"https:\/\/i0.wp.com\/www.wine-law.org\/wp-content\/uploads\/2021\/06\/mikolaj-DCzpr09cTXY-unsplash-scaled.jpg?resize=676%2C448&#038;ssl=1\" data-object-fit=\"cover\" srcset=\"https:\/\/i0.wp.com\/www.wine-law.org\/wp-content\/uploads\/2021\/06\/mikolaj-DCzpr09cTXY-unsplash-scaled.jpg?w=2560&amp;ssl=1 2560w, https:\/\/i0.wp.com\/www.wine-law.org\/wp-content\/uploads\/2021\/06\/mikolaj-DCzpr09cTXY-unsplash-scaled.jpg?resize=300%2C199&amp;ssl=1 300w, https:\/\/i0.wp.com\/www.wine-law.org\/wp-content\/uploads\/2021\/06\/mikolaj-DCzpr09cTXY-unsplash-scaled.jpg?resize=1024%2C678&amp;ssl=1 1024w, https:\/\/i0.wp.com\/www.wine-law.org\/wp-content\/uploads\/2021\/06\/mikolaj-DCzpr09cTXY-unsplash-scaled.jpg?resize=768%2C509&amp;ssl=1 768w, https:\/\/i0.wp.com\/www.wine-law.org\/wp-content\/uploads\/2021\/06\/mikolaj-DCzpr09cTXY-unsplash-scaled.jpg?resize=1536%2C1017&amp;ssl=1 1536w, https:\/\/i0.wp.com\/www.wine-law.org\/wp-content\/uploads\/2021\/06\/mikolaj-DCzpr09cTXY-unsplash-scaled.jpg?resize=2048%2C1356&amp;ssl=1 2048w, https:\/\/i0.wp.com\/www.wine-law.org\/wp-content\/uploads\/2021\/06\/mikolaj-DCzpr09cTXY-unsplash-scaled.jpg?resize=600%2C397&amp;ssl=1 600w, https:\/\/i0.wp.com\/www.wine-law.org\/wp-content\/uploads\/2021\/06\/mikolaj-DCzpr09cTXY-unsplash-scaled.jpg?resize=945%2C626&amp;ssl=1 945w, https:\/\/i0.wp.com\/www.wine-law.org\/wp-content\/uploads\/2021\/06\/mikolaj-DCzpr09cTXY-unsplash-scaled.jpg?w=1352&amp;ssl=1 1352w\" sizes=\"(max-width: 676px) 100vw, 676px\" data-recalc-dims=\"1\" \/><div class=\"wp-block-cover__inner-container\">\n<p class=\"has-text-align-center has-regular-font-size\">La Commission europ\u00e9enne vient d&rsquo;approuver le Plan strat\u00e9gique national fran\u00e7ais de la prochaine Politique agricole commune\u00a02023-2027. Cette validation permet de donner une bonne image de ce \u00e0 quoi ressemblera la PAC pour les ann\u00e9es \u00e0 venir.<\/p>\n<\/div><\/div>\n\n\n\n<p><a href=\"https:\/\/agriculture.gouv.fr\/politique-agricole-commune-2023-2027-approbation-du-plan-strategique-national-par-la-commission\" target=\"_blank\" rel=\"noreferrer noopener\">Voir l&rsquo;article sur le site du Minist\u00e8re de l&rsquo;Agriculture.<\/a><\/p>\n","protected":false},"excerpt":{"rendered":"<p><span class=\"rt-reading-time\" style=\"display: block;\"><span class=\"rt-label rt-prefix\">tdl<\/span> <span class=\"rt-time\">&lt;\u00a01<\/span> <span class=\"rt-label rt-postfix\">minute<\/span><\/span> Voir l&rsquo;article sur le site du Minist\u00e8re de l&rsquo;Agriculture.<\/p>\n","protected":false},"author":7,"featured_media":0,"comment_status":"closed","ping_status":"closed","sticky":false,"template":"","format":"link","meta":{"sfsi_plus_gutenberg_text_before_share":"","sfsi_plus_gutenberg_show_text_before_share":"","sfsi_plus_gutenberg_icon_type":"","sfsi_plus_gutenberg_icon_alignemt":"","sfsi_plus_gutenburg_max_per_row":"","spay_email":""},"categories":[263,333,379],"tags":[597],"jetpack_featured_media_url":"","jetpack_sharing_enabled":true,"_links":{"self":[{"href":"https:\/\/www.wine-law.org\/index.php\/wp-json\/wp\/v2\/posts\/3773"}],"collection":[{"href":"https:\/\/www.wine-law.org\/index.php\/wp-json\/wp\/v2\/posts"}],"about":[{"href":"https:\/\/www.wine-law.org\/index.php\/wp-json\/wp\/v2\/types\/post"}],"author":[{"embeddable":true,"href":"https:\/\/www.wine-law.org\/index.php\/wp-json\/wp\/v2\/users\/7"}],"replies":[{"embeddable":true,"href":"https:\/\/www.wine-law.org\/index.php\/wp-json\/wp\/v2\/comments?post=3773"}],"version-history":[{"count":1,"href":"https:\/\/www.wine-law.org\/index.php\/wp-json\/wp\/v2\/posts\/3773\/revisions"}],"predecessor-version":[{"id":3774,"href":"https:\/\/www.wine-law.org\/index.php\/wp-json\/wp\/v2\/posts\/3773\/revisions\/3774"}],"wp:attachment":[{"href":"https:\/\/www.wine-law.org\/index.php\/wp-json\/wp\/v2\/media?parent=3773"}],"wp:term":[{"taxonomy":"category","embeddable":true,"href":"https:\/\/www.wine-law.org\/index.php\/wp-json\/wp\/v2\/categories?post=3773"},{"taxonomy":"post_tag","embeddable":true,"href":"https:\/\/www.wine-law.org\/index.php\/wp-json\/wp\/v2\/tags?post=3773"}],"curies":[{"name":"wp","href":"https:\/\/api.w.org\/{rel}","templated":true}]}}