{"id":3366,"date":"2022-01-19T08:00:00","date_gmt":"2022-01-19T06:00:00","guid":{"rendered":"https:\/\/www.wine-law.org\/?p=3366"},"modified":"2022-01-19T17:01:13","modified_gmt":"2022-01-19T15:01:13","slug":"gel-de-printemps-bonne-nouvelle-pour-les-producteurs-juraciens","status":"publish","type":"post","link":"https:\/\/www.wine-law.org\/index.php\/gel-de-printemps-bonne-nouvelle-pour-les-producteurs-juraciens\/","title":{"rendered":"Gel de printemps : bonne nouvelle pour les producteurs juraciens"},"content":{"rendered":"<span class=\"rt-reading-time\" style=\"display: block;\"><span class=\"rt-label rt-prefix\">tdl<\/span> <span class=\"rt-time\">&lt;\u00a01<\/span> <span class=\"rt-label rt-postfix\">minute<\/span><\/span>\n<div class=\"wp-block-cover has-background-dim\"><img loading=\"lazy\" width=\"676\" height=\"507\" class=\"wp-block-cover__image-background wp-image-3205\" alt=\"\" src=\"https:\/\/i0.wp.com\/www.wine-law.org\/wp-content\/uploads\/2021\/10\/chris-greninger-PU4ptkgaR3Q-unsplash-scaled.jpg?resize=676%2C507&#038;ssl=1\" data-object-fit=\"cover\" srcset=\"https:\/\/i0.wp.com\/www.wine-law.org\/wp-content\/uploads\/2021\/10\/chris-greninger-PU4ptkgaR3Q-unsplash-scaled.jpg?w=2560&amp;ssl=1 2560w, https:\/\/i0.wp.com\/www.wine-law.org\/wp-content\/uploads\/2021\/10\/chris-greninger-PU4ptkgaR3Q-unsplash-scaled.jpg?resize=300%2C225&amp;ssl=1 300w, https:\/\/i0.wp.com\/www.wine-law.org\/wp-content\/uploads\/2021\/10\/chris-greninger-PU4ptkgaR3Q-unsplash-scaled.jpg?resize=1024%2C768&amp;ssl=1 1024w, https:\/\/i0.wp.com\/www.wine-law.org\/wp-content\/uploads\/2021\/10\/chris-greninger-PU4ptkgaR3Q-unsplash-scaled.jpg?resize=768%2C576&amp;ssl=1 768w, https:\/\/i0.wp.com\/www.wine-law.org\/wp-content\/uploads\/2021\/10\/chris-greninger-PU4ptkgaR3Q-unsplash-scaled.jpg?resize=1536%2C1152&amp;ssl=1 1536w, https:\/\/i0.wp.com\/www.wine-law.org\/wp-content\/uploads\/2021\/10\/chris-greninger-PU4ptkgaR3Q-unsplash-scaled.jpg?resize=2048%2C1536&amp;ssl=1 2048w, https:\/\/i0.wp.com\/www.wine-law.org\/wp-content\/uploads\/2021\/10\/chris-greninger-PU4ptkgaR3Q-unsplash-scaled.jpg?resize=600%2C450&amp;ssl=1 600w, https:\/\/i0.wp.com\/www.wine-law.org\/wp-content\/uploads\/2021\/10\/chris-greninger-PU4ptkgaR3Q-unsplash-scaled.jpg?resize=945%2C709&amp;ssl=1 945w, https:\/\/i0.wp.com\/www.wine-law.org\/wp-content\/uploads\/2021\/10\/chris-greninger-PU4ptkgaR3Q-unsplash-scaled.jpg?w=1352&amp;ssl=1 1352w\" sizes=\"(max-width: 676px) 100vw, 676px\" data-recalc-dims=\"1\" \/><div class=\"wp-block-cover__inner-container\">\n<p class=\"has-text-align-center has-large-font-size\">Bien que le gel de printemps ait \u00e9t\u00e9 catastrophique pour de nombreux producteurs, un arr\u00eat\u00e9 minist\u00e9riel vient mettre du baume au c\u0153ur des vignerons juraciens. En effet, le statut de calamit\u00e9 agricole a \u00e9t\u00e9 reconnu pour cet \u00e9v\u00e8nement, ce qui ouvre notamment \u00e0 des indemnisations.<\/p>\n<\/div><\/div>\n\n\n\n<p><a href=\"https:\/\/www.francebleu.fr\/infos\/agriculture-peche\/le-gel-du-printemps-2021-reconnu-comme-calamite-agricole-dans-le-jura-1641378686\" target=\"_blank\" rel=\"noreferrer noopener\">Voir l&rsquo;article sur France bleu.<\/a><\/p>\n\n\n\n<p><a href=\"https:\/\/agriculture.gouv.fr\/tout-savoir-sur-le-regime-des-calamites-agricoles\" target=\"_blank\" rel=\"noreferrer noopener\">Le r\u00e9gime de calamit\u00e9 agricole.<\/a><\/p>\n","protected":false},"excerpt":{"rendered":"<p><span class=\"rt-reading-time\" style=\"display: block;\"><span class=\"rt-label rt-prefix\">tdl<\/span> <span class=\"rt-time\">&lt;\u00a01<\/span> <span class=\"rt-label rt-postfix\">minute<\/span><\/span> Voir l&rsquo;article sur France bleu. Le r\u00e9gime de calamit\u00e9 agricole.<\/p>\n","protected":false},"author":7,"featured_media":0,"comment_status":"closed","ping_status":"closed","sticky":false,"template":"","format":"link","meta":{"sfsi_plus_gutenberg_text_before_share":"","sfsi_plus_gutenberg_show_text_before_share":"","sfsi_plus_gutenberg_icon_type":"","sfsi_plus_gutenberg_icon_alignemt":"","sfsi_plus_gutenburg_max_per_row":"","spay_email":""},"categories":[310],"tags":[548],"jetpack_featured_media_url":"","jetpack_sharing_enabled":true,"_links":{"self":[{"href":"https:\/\/www.wine-law.org\/index.php\/wp-json\/wp\/v2\/posts\/3366"}],"collection":[{"href":"https:\/\/www.wine-law.org\/index.php\/wp-json\/wp\/v2\/posts"}],"about":[{"href":"https:\/\/www.wine-law.org\/index.php\/wp-json\/wp\/v2\/types\/post"}],"author":[{"embeddable":true,"href":"https:\/\/www.wine-law.org\/index.php\/wp-json\/wp\/v2\/users\/7"}],"replies":[{"embeddable":true,"href":"https:\/\/www.wine-law.org\/index.php\/wp-json\/wp\/v2\/comments?post=3366"}],"version-history":[{"count":1,"href":"https:\/\/www.wine-law.org\/index.php\/wp-json\/wp\/v2\/posts\/3366\/revisions"}],"predecessor-version":[{"id":3393,"href":"https:\/\/www.wine-law.org\/index.php\/wp-json\/wp\/v2\/posts\/3366\/revisions\/3393"}],"wp:attachment":[{"href":"https:\/\/www.wine-law.org\/index.php\/wp-json\/wp\/v2\/media?parent=3366"}],"wp:term":[{"taxonomy":"category","embeddable":true,"href":"https:\/\/www.wine-law.org\/index.php\/wp-json\/wp\/v2\/categories?post=3366"},{"taxonomy":"post_tag","embeddable":true,"href":"https:\/\/www.wine-law.org\/index.php\/wp-json\/wp\/v2\/tags?post=3366"}],"curies":[{"name":"wp","href":"https:\/\/api.w.org\/{rel}","templated":true}]}}